{"doc_desc":{"title":"Indices de s\u00e9gr\u00e9gation"},"study_desc":{"title_statement":{"idno":"EAB010401","title":"Indices de s\u00e9gr\u00e9gation","sub_title":"S\u00e9gr\u00e9gation","alt_title":"EAB010401","translated_title":"Social composition measurement"},"authoring_entity":[{"name":"Direction de l\u2019\u00e9valuation, de la prospective et de la performance (DEPP)","affiliation":"Minist\u00e8re en charge de l'\u00e9ducation nationale"}],"production_statement":{"producers":[{"name":"DEPP B3 - Bureau des \u00e9tudes sur les \u00e9tablissements et l'\u00e9ducation prioritaire","affiliation":"","role":""}],"prod_place":"61-65, rue Dutot, 75735 Paris Cedex 15"},"distribution_statement":{"contact":[{"name":"Solliciter un acc\u00e8s au donn\u00e9es : depp_recherche@education.gouv.fr","affiliation":"","email":"","uri":""},{"name":"Autre demande d'information : depp.documentation@education.gouv.fr","affiliation":"","email":"","uri":""}]},"bib_citation":"Les Notes d\u2019information de la Depp :\r\n\u2022\t\u00c9volution de la mixit\u00e9 sociale des coll\u00e8ges\r\nhttps:\/\/www.education.gouv.fr\/evolution-de-la-mixite-sociale-des-colleges-342178\r\n\r\nG\u00e9ographie de l\u2019\u00e9cole :\r\n\u2022\tG\u00e9ographie de l\u2019\u00c9cole - \u00c9dition 2021\r\nhttps:\/\/www.education.gouv.fr\/geographie-de-l-ecole-323657\r\nFiches \u00e0 consulter : fiches 3, 4, 5\r\n\r\nAcc\u00e9der aux donn\u00e9es :\r\n\u2022\tOpendata\r\nhttps:\/\/data.education.gouv.fr\/pages\/accueil\/\r\nIndicateurs de s\u00e9gr\u00e9gation sociale entre coll\u00e8ges dans les d\u00e9partements\r\nhttps:\/\/data.education.gouv.fr\/explore\/dataset\/fr-en-indicateur_segregation_sociale_colleges\r\n\r\n\u2022\tConsulter le catalogue des donn\u00e9es de la Depp\r\nhttp:\/\/nada-web-rec.depp.in.adc.education.fr\/index.php\/home","study_info":{"keywords":[{"keyword":"coll\u00e8ge","vocab":"","uri":""},{"keyword":"s\u00e9gr\u00e9gation sociale","vocab":"","uri":""},{"keyword":"enseignement du second degr\u00e9","vocab":"","uri":""},{"keyword":"\u00e9tablissement du second degr\u00e9","vocab":"","uri":""},{"keyword":"1er cycle du secondaire","vocab":"","uri":""},{"keyword":"disparit\u00e9 territoriale","vocab":"","uri":""},{"keyword":"origine sociale","vocab":"","uri":""},{"keyword":"in\u00e9galit\u00e9 scolaire","vocab":"","uri":""},{"keyword":"indice d\u2019entropie","vocab":"","uri":""},{"keyword":"secteur d\u2019enseignement","vocab":"","uri":""},{"keyword":"composition sociale","vocab":"","uri":""},{"keyword":"mixit\u00e9 sociale","vocab":"","uri":""}],"topics":[{"topic":"\u00c9tablissements scolaires","vocab":"","uri":""},{"topic":"Indicateurs d'aide au pilotage","vocab":"","uri":""}],"abstract":"En France, les coll\u00e8ges ont des compositions sociales tr\u00e8s diff\u00e9rentes, ce qui est r\u00e9guli\u00e8rement d\u00e9crit comme un facteur renfor\u00e7ant les in\u00e9galit\u00e9s scolaires. Cette s\u00e9gr\u00e9gation sociale n\u2019est pas uniquement li\u00e9e aux politiques \u00e9ducatives, mais elle est aussi influenc\u00e9e par la politique du logement et les dynamiques de mobilit\u00e9s r\u00e9sidentielles des familles.\n\nPour mesurer la s\u00e9gr\u00e9gation entre coll\u00e8ges, le minist\u00e8re charg\u00e9 de l\u2019\u00e9ducation nationale utilise l\u2019indice d\u2019entropie, un indicateur synth\u00e9tique qui mesure les disparit\u00e9s selon la composition sociale des \u00e9l\u00e8ves dans les coll\u00e8ges qui les accueillent. Cet indice permet de comparer les disparit\u00e9s entre coll\u00e8ges \u00e0 l\u2019\u00e9chelle d\u2019un territoire donn\u00e9 et d\u2019observer leur \u00e9volution dans le temps.\n\nLa s\u00e9gr\u00e9gation sociale entre \u00e9tablissements sur un territoire donn\u00e9 est mesur\u00e9e en comparant la composition sociale de chaque \u00e9tablissement \u00e0 celle des coll\u00e9giens de ce territoire. Plus cet \u00e9cart est \u00e9lev\u00e9 plus le coll\u00e8ge s\u2019\u00e9loigne de la composition sociale moyenne du territoire.\n\nL\u2019indice d\u2019entropie varie entre 0 et 1 :\n\n-\tun indice proche de 1 signifie que les \u00e9carts sociaux entre coll\u00e8ges sont tr\u00e8s importants et qu\u2019au sein de chaque coll\u00e8ge, la diversit\u00e9 des milieux sociaux repr\u00e9sent\u00e9s est plut\u00f4t faible ;\n\n-\tun indice proche de 0 indique que les \u00e9carts sociaux entre coll\u00e8ges sont moins importants et que la composition sociale de chaque coll\u00e8ge est proche de la composition sociale de l\u2019ensemble des coll\u00e9giens du territoire consid\u00e9r\u00e9. On dira qu\u2019il y a une plus grande mixit\u00e9 sociale entre les coll\u00e8ges.\n\nL\u2019indice d\u2019entropie est d\u00e9composable en trois composantes :\n   1.\tla s\u00e9gr\u00e9gation\/disparit\u00e9 entre coll\u00e8ges publics ;\n   2.\tla s\u00e9gr\u00e9gation\/disparit\u00e9s entre coll\u00e8ges priv\u00e9s ;\n   3.\tl\u2019\u00e9cart de composition sociale entre les secteurs public et priv\u00e9. \nLa contribution de chaque composante \u00e0 la s\u00e9gr\u00e9gation globale permet de mieux comprendre les dynamiques \u00e0 l\u2019\u0153uvre.\n\nHistorique : \n\nCes indices sont calcul\u00e9s depuis 2014.","time_periods":[{"start":"","end":"","cycle":""}],"nation":[{"name":"France","abbreviation":""}],"geog_coverage":"France","analysis_unit":"D\u00e9partements","universe":"Les coll\u00e8ges publics et priv\u00e9s sous contrat","notes":"Depuis 2014"},"method":{"data_collection":{"frequency":"Fr\u00e9quence de collecte : annuelle","sampling_procedure":"Combinaison de plusieurs sources","sources":{"source_char":"La Depp en tant que membre du service statistique publique s'engage \u00e0 respecter le principes qualit\u00e9 de la statistique publique (Cf. [Code des bonnes pratiques de la statistique publique](https:\/\/www.insee.fr\/fr\/information\/4140105)).","source_doc":"Les fichiers de donn\u00e9es diffus\u00e9s par la Depp font l'objet d'une documentation conform\u00e9ment aux normes internationales du DDI","data_source":[{"source":"Traitement statistique DEPP"}]},"coll_mode":["Extraction de donn\u00e9es \u00e0 partir de bases de donn\u00e9es existantes et calculs statistiques DEPP"],"method_notes":"Depuis 2014"}},"data_access":{"dataset_availability":{"access_place":"Les Notes d'information de la Depp :\n\u2022 \u00c9volution de la mixit\u00e9 sociale des coll\u00e8ges\nhttps:\/\/www.education.gouv.fr\/evolution-de-la-mixite-sociale-des-colleges-414321\n\n\u00c9tat de l\u2019\u00e9cole 2024 :\n\u2022\thttps:\/\/www.education.gouv.fr\/l-etat-de-l-ecole-2024-415758\nFiches \u00e0 consulter : fiche 2\n\nG\u00e9ographie de l'\u00e9cole 2021 :\n\u2022 https:\/\/www.education.gouv.fr\/geographie-de-l-ecole-323657\nFiches \u00e0 consulter : fiches 3, 4, 5\n\nAcc\u00e9der aux donn\u00e9es :\n\n\u2022 Opendata\nIndicateurs de s\u00e9gr\u00e9gation sociale entre coll\u00e8ges dans les d\u00e9partements\nhttps:\/\/data.education.gouv.fr\/explore\/dataset\/fr-en-indicateur_segregation_sociale_colleges","access_place_uri":""},"dataset_use":{"conf_dec":[{"txt":"La Depp s\u2019engage \u00e0 ce que les traitements de donn\u00e9es personnelles qu\u2019il met en \u0153uvre \u00e0 des fins statistiques soient conformes au R\u00e8glement g\u00e9n\u00e9ral sur la protection des donn\u00e9es (RGPD) et \u00e0 loi Informatique et Libert\u00e9s. \u00c0 ce titre, elle s\u2019assure que chaque traitement limite la collecte des donn\u00e9es personnelles au strict n\u00e9cessaire (minimisation des donn\u00e9es) et s\u2019accompagne d\u2019une information sur :\n        <br><br>\n<ul>\n<li>les objectifs du recueil de ces donn\u00e9es (finalit\u00e9s)<\/li>\n<li>la base juridique de traitement<\/li>\n<li>le caract\u00e8re obligatoire ou facultatif du recueil des donn\u00e9es et le rappel des cat\u00e9gories de donn\u00e9es trait\u00e9es<\/li>\n<li>la source des donn\u00e9es<\/li>\n<li>les cat\u00e9gories de personnes concern\u00e9es<\/li>\n<li>les destinataires des donn\u00e9es<\/li>\n<li>la dur\u00e9e de conservation des donn\u00e9es<\/li>\n<li>les mesures de s\u00e9curit\u00e9 (description g\u00e9n\u00e9rale)<\/li>\n<li>l\u2019existence \u00e9ventuelle de transferts de donn\u00e9es hors de l\u2019Union europ\u00e9enne ou de prises de d\u00e9cision automatis\u00e9es<\/li>\n<li>les droits Informatique et Libert\u00e9s et la fa\u00e7on de les exercer aupr\u00e8s de la Depp.<\/li>\n<\/ul>\n<br>\nLes donn\u00e9es personnelles que recueille ou d\u00e9tient la DEPP pour des traitements statistiques font l\u2019objet de r\u00e8gles et de mesures strictes garantissant leur s\u00e9curit\u00e9 et leur confidentialit\u00e9. Toutes les personnes ayant acc\u00e8s aux donn\u00e9es collect\u00e9es (statisticiens de la Depp, chercheurs autoris\u00e9s) sont astreintes au secret statistique. Comme tous les fonctionnaires et agents de l\u2019\u00c9tat, les personnels de la Depp sont de plus soumis aux r\u00e8gles l\u00e9gislatives et r\u00e9glementaires sur le secret professionnel et l\u2019obligation de r\u00e9serve, qui s\u2019appliquent aux dossiers et informations dont ils ont connaissance dans leur travail.","required":"","form_no":"","uri":""}],"restrictions":"L'acc\u00e8s aux donn\u00e9es de la Depp se fait dans le respect de la vie priv\u00e9e. Les donn\u00e9es agr\u00e9g\u00e9es par exemple au niveau \u00e9tablissement scolaire sont accessibles sur nos pages web ou le site opendata du Minist\u00e8re dans le respect des r\u00e8gles du secret statistique. Les microdonn\u00e9es comme les fichiers par \u00e9l\u00e8ve ne sont accessibles qu'aux personnes  habilit\u00e9s \u00e0 le faire et seulement \u00e0 des fins de recherche ou d'\u00e9valuation des politiques publiques. et ayant sign\u00e9 un accord de respect de la confidentialit\u00e9. Pour en savoir plus consulter : depp_recherche@education.gouv.fr.","cit_req":"Source : DEPP","disclaimer":"Le producteur et le diffuseur des donn\u00e9es ne sont pas responsables des interpr\u00e9tations ou d\u00e9ductions faites \u00e0 partir de l'utilisation des donn\u00e9es."}}}}